{"id":1,"date":"2016-05-10T03:48:21","date_gmt":"2016-05-10T03:48:21","guid":{"rendered":"http:\/\/frohsinn-laichingen.de\/?p=1"},"modified":"2026-01-29T10:02:30","modified_gmt":"2026-01-29T09:02:30","slug":"hello-world","status":"publish","type":"post","link":"https:\/\/frohsinn-laichingen.de\/?p=1","title":{"rendered":"Bildergalerie"},"content":{"rendered":"\n<div class=\"wp-block-group is-nowrap is-layout-flex wp-container-core-group-is-layout-1 wp-block-group-is-layout-flex\">\n<figure class=\"wp-block-image size-full is-resized\"><img loading=\"lazy\" decoding=\"async\" width=\"600\" height=\"417\" src=\"https:\/\/frohsinn-laichingen.de\/wp-content\/uploads\/2016\/05\/konz1.jpg\" alt=\"\" class=\"wp-image-366\" style=\"width:515px;height:auto\" srcset=\"https:\/\/frohsinn-laichingen.de\/wp-content\/uploads\/2016\/05\/konz1.jpg 600w, https:\/\/frohsinn-laichingen.de\/wp-content\/uploads\/2016\/05\/konz1-300x209.jpg 300w\" sizes=\"auto, (max-width: 600px) 100vw, 600px\" \/><\/figure>\n\n\n\n<p>Der Gesangverein Frohsinn Laichingen pr\u00e4sentierte sich mit Unterst\u00fctzung von 5 S\u00e4ngerinnen der Chorgemeinschaft aus Heroldstatt am Freitag, den 21. November 2025&nbsp;in der&nbsp;ev. Kirche Laichingen. Aus der Dunkelheit&nbsp;zum Licht! So der Titel dieses besonderen Konzertes. Lieder&nbsp; und die Geschichte \u201eDer&nbsp;selbsts\u00fcchtige Riese\u201c , von Oscar Wilde, zogen die Zuschauer der gut gef\u00fcllten ev. Kirche in ihren Bann .Unterst\u00fctzt wurden die S\u00e4ngerinnen und S\u00e4nger von Manfred T\u00e4chl als Rezitator und Jonathan Frey an der Orgel. Besondere Betonungen am Klavier, der Orgel und auch beim Vortragen der Geschichte, nahmen das Publikum mit in eine besondere Welt der Kunst und einem Gef\u00fchl der Gemeinsamkeit. Durch das gef\u00fchlvolle und fordernde Dirigat des Chorleiters Christian Vogt entstand beim Publikum wieder einmal das Gef\u00fchl einer au\u00dfergew\u00f6hnlichen Reise des Klangs und der Harmonie.Keine selbsts\u00fcchtige, sondern eine dem Leben und den Menschen positiv zugewandte und warme Stimmung beendeten den musikalischen Abend trotz klirrender K\u00e4lte\u2026.<\/p>\n<\/div>\n\n\n\n<p><\/p>\n\n\n\n<p><strong>Tag der offenen T\u00fcr bei K&amp;K am 11.10.2025 mit dem Frohsinnchor und dem Kinderchor<\/strong><\/p>\n\n\n\n<figure class=\"wp-block-gallery has-nested-images columns-default is-cropped wp-block-gallery-1 is-layout-flex wp-block-gallery-is-layout-flex\">\n<figure class=\"wp-block-image size-large\"><img loading=\"lazy\" decoding=\"async\" width=\"250\" height=\"188\" data-id=\"362\" src=\"https:\/\/frohsinn-laichingen.de\/wp-content\/uploads\/2016\/05\/kai3-1.jpg\" alt=\"\" class=\"wp-image-362\"\/><\/figure>\n\n\n\n<figure class=\"wp-block-image size-large is-style-default\"><img loading=\"lazy\" decoding=\"async\" width=\"400\" height=\"300\" data-id=\"363\" src=\"https:\/\/frohsinn-laichingen.de\/wp-content\/uploads\/2016\/05\/bild1-3.jpg\" alt=\"\" class=\"wp-image-363\" srcset=\"https:\/\/frohsinn-laichingen.de\/wp-content\/uploads\/2016\/05\/bild1-3.jpg 400w, https:\/\/frohsinn-laichingen.de\/wp-content\/uploads\/2016\/05\/bild1-3-300x225.jpg 300w\" sizes=\"auto, (max-width: 400px) 100vw, 400px\" \/><\/figure>\n<\/figure>\n\n\n\n<p><strong>Tag der offenen T\u00fcr<\/strong><\/p>\n\n\n\n<p>Der Frohsinn und der Verein Kunst &amp; Kultur hatten nach der Zusage der Stadtverwaltung, dass der Verein K &amp; K bei uns einziehen kann, langfristig einen Tag der offenen T\u00fcr geplant, bei dem die Zusammenarbeit und der neu gestaltete Frohsinn Raum der \u00d6ffentlichkeit vorgestellt werden sollte.<\/p>\n\n\n\n<p>Durch die \u00fcberraschende Absage der Verwaltung, dass \u00f6ffentliche Veranstaltungen im Frohsinn Raum nicht stattfinden d\u00fcrfen, konnte diese Veranstaltung dann nicht mehr wie geplant stattfinden.<\/p>\n\n\n\n<p>Der mit gro\u00dfem Aufwand fast vollendete Umzug musste r\u00fcckg\u00e4ngig gemacht werden und die schon in der Kleidersammlung entsorgten Gardinen konnten gl\u00fccklicherweise gerade noch \u201egerettet\u201c werden. Der Tag der offenen T\u00fcr fand dann sp\u00e4ter in den wiederhergestellten R\u00e4umen von Kunst &amp; Kultur am 11. Oktober in der Schillerstra\u00dfe statt. An dem reduzierten Programm beteiligte sich dann auch der Frohsinn und der Kinderchor<\/p>\n\n\n\n<p><\/p>\n\n\n\n<p class=\"has-text-align-left\"><\/p>\n\n\n\n<p class=\"has-text-align-left\"> <strong>Muttertags Ausflug <\/strong><strong>Heidegrabenzentrum  Grabenstetten<\/strong>   <strong>Abschluss \u201eAlte M\u00fchle\u201c in Grabenstetten<\/strong><\/p>\n\n\n\n<p>Die Frauen des Frohsinns fuhren mit PKW-Fahrgemeinschaften zum Heidengrabenzentrum bei Grabenstetten und erfuhren dort interessantes Ober die Bedeutung der damaligen Keltensiedlung im 1. Jahrhundert vor Christus. Anschaulich wird das Leben der Kelten dargestellt. Ein paar Mutige wagten sich auf den neu erbauten Aussichtsturm beim Parkplatz. Den Abschluss bildete eine Einkehr in der ,,Alte Muhle&#8220; in Grabenstetten bei Kaffee und leckerem Kuchen. Beeindruckend war das Angebot an M\u00fchlen-Produkten und Dekoartikeln im angeschlossenen Verkaufsraum<\/p>\n\n\n\n<p><\/p>\n\n\n\n<div class=\"wp-block-group is-nowrap is-layout-flex wp-container-core-group-is-layout-2 wp-block-group-is-layout-flex\">\n<figure class=\"wp-block-image size-full is-resized\"><img loading=\"lazy\" decoding=\"async\" width=\"300\" height=\"135\" src=\"https:\/\/frohsinn-laichingen.de\/wp-content\/uploads\/2016\/05\/mutter1.jpg\" alt=\"\" class=\"wp-image-312\" style=\"width:440px;height:auto\"\/><\/figure>\n\n\n<div class=\"wp-block-image\">\n<figure class=\"aligncenter size-full is-resized\"><img loading=\"lazy\" decoding=\"async\" width=\"300\" height=\"258\" src=\"https:\/\/frohsinn-laichingen.de\/wp-content\/uploads\/2016\/05\/mutter2-2.jpg\" alt=\"\" class=\"wp-image-348\" style=\"width:282px;height:auto\"\/><\/figure><\/div>\n\n\n<figure class=\"wp-block-table\"><table class=\"has-fixed-layout\"><tbody><tr><td><\/td><td><\/td><\/tr><tr><td><\/td><td><\/td><\/tr><\/tbody><\/table><\/figure>\n<\/div>\n\n\n\n<p><\/p>\n\n\n\n<p><strong>Der Gesangverein Frohsinn pr\u00e4sentiert sich am Sonntag, den 6. April 2025 um 16 Uhr, <\/strong><br><strong>zusammen mit seinem M\u00e4nnerensemble und den Frohsinn Kids im Cube in Laichingen.<\/strong><\/p>\n\n\n<div class=\"wp-block-image\">\n<figure class=\"alignleft size-full\"><img loading=\"lazy\" decoding=\"async\" width=\"400\" height=\"568\" src=\"https:\/\/frohsinn-laichingen.de\/wp-content\/uploads\/2016\/05\/image.jpeg\" alt=\"Dieses Bild hat ein leeres Alt-Attribut. Der Dateiname ist konz2.jpg\" class=\"wp-image-304\" srcset=\"https:\/\/frohsinn-laichingen.de\/wp-content\/uploads\/2016\/05\/image.jpeg 400w, https:\/\/frohsinn-laichingen.de\/wp-content\/uploads\/2016\/05\/image-211x300.jpeg 211w\" sizes=\"auto, (max-width: 400px) 100vw, 400px\" \/><\/figure><\/div>\n\n\n<p><\/p>\n\n\n\n<p><\/p>\n\n\n\n<p><\/p>\n\n\n\n<p><strong>Wir singen f\u00fcr euch\u2026. So das Thema des Jahreskonzerts vom Gesangverein Frohsinn.<\/strong><br><strong>Mehrere Generationen im gemischten Chor, das M\u00e4nnerensemble und die Frohsinn Kids zeigen dem Publikum frische, <\/strong><br><strong>fr\u00fchlingsfrohe aber auch nachdenkliche Chormusik.<\/strong><br><strong>Der Chorleiter Christian Vogt hat die Gesamtleitung und verbindet gekonnt alle Chorstimmen des Frohsinn mit <\/strong><br><strong>der Chorgemeinschaft aus Heroldstatt und dem \u201echiliCHORcarne\u201c aus Owen Teck.<\/strong><\/p>\n\n\n\n<p><strong>Der M\u00e4dchenchor \u201eHappy Voices\u201c aus Ingstetten sorgt ein weiteres Mal f\u00fcr einen eleganten und dynamischen Spannungsbogen auf der B\u00fchne.<\/strong><br><strong>Das M\u00e4nnerensemble des Frohsinn, unter der Leitung von Volker Hausen, verw\u00f6hnt das Publikum ebenfalls mit bestechender Klangqualit\u00e4t<\/strong>.<\/p>\n\n\n\n<p><strong>Die FrohsinnKids werden unterst\u00fctzt von den KuKuLaKids und pr\u00e4sentieren ein \u201eMedley\u201c mit Liedern von Peter Maffay, <\/strong><br><strong>Udo Lindenberg und Herbert Gr\u00f6nemeyer.<\/strong><\/p>\n\n\n\n<figure class=\"wp-block-image size-large\"><img loading=\"lazy\" decoding=\"async\" width=\"1024\" height=\"549\" src=\"https:\/\/frohsinn-laichingen.de\/wp-content\/uploads\/2016\/05\/konz3-1024x549.jpg\" alt=\"\" class=\"wp-image-283\" srcset=\"https:\/\/frohsinn-laichingen.de\/wp-content\/uploads\/2016\/05\/konz3-1024x549.jpg 1024w, https:\/\/frohsinn-laichingen.de\/wp-content\/uploads\/2016\/05\/konz3-300x161.jpg 300w, https:\/\/frohsinn-laichingen.de\/wp-content\/uploads\/2016\/05\/konz3-768x412.jpg 768w, https:\/\/frohsinn-laichingen.de\/wp-content\/uploads\/2016\/05\/konz3-1536x824.jpg 1536w, https:\/\/frohsinn-laichingen.de\/wp-content\/uploads\/2016\/05\/konz3.jpg 1909w\" sizes=\"auto, (max-width: 1024px) 100vw, 1024px\" \/><\/figure>\n\n\n\n<p><br><strong>Gemeinsamer Gesang,<\/strong> <strong>aber auch solistische Eins\u00e4tze runden das abwechslungsreiche Programm des Nachmittags ab.<\/strong><br><strong>Der Gesangverein Frohsinn freut sich auf viele G\u00e4ste, um ein neues Jahr mit weiteren positiven Elementen zu f\u00fcllen\u2026<\/strong><br><strong>Die Vielf\u00e4ltigkeit dieses Konzertes, erzeugt durch 5 Generationen und gef\u00fchlvoll abgestimmte Musik, garantieren ein besonderes Erlebnis.<\/strong><\/p>\n\n\n\n<p><\/p>\n\n\n\n<p><\/p>\n","protected":false},"excerpt":{"rendered":"<p>Der Gesangverein Frohsinn Laichingen pr\u00e4sentierte sich mit Unterst\u00fctzung von 5 S\u00e4ngerinnen der Chorgemeinschaft aus Heroldstatt am Freitag, den 21. November 2025&nbsp;in der&nbsp;ev. Kirche Laichingen. Aus der Dunkelheit&nbsp;zum Licht! So der Titel dieses besonderen Konzertes. Lieder&nbsp; und die Geschichte \u201eDer&nbsp;selbsts\u00fcchtige Riese\u201c<\/p>\n","protected":false},"author":1,"featured_media":0,"comment_status":"open","ping_status":"open","sticky":false,"template":"","format":"standard","meta":{"footnotes":""},"categories":[1],"tags":[],"class_list":["post-1","post","type-post","status-publish","format-standard","hentry","category-uncategorized"],"_links":{"self":[{"href":"https:\/\/frohsinn-laichingen.de\/index.php?rest_route=\/wp\/v2\/posts\/1","targetHints":{"allow":["GET"]}}],"collection":[{"href":"https:\/\/frohsinn-laichingen.de\/index.php?rest_route=\/wp\/v2\/posts"}],"about":[{"href":"https:\/\/frohsinn-laichingen.de\/index.php?rest_route=\/wp\/v2\/types\/post"}],"author":[{"embeddable":true,"href":"https:\/\/frohsinn-laichingen.de\/index.php?rest_route=\/wp\/v2\/users\/1"}],"replies":[{"embeddable":true,"href":"https:\/\/frohsinn-laichingen.de\/index.php?rest_route=%2Fwp%2Fv2%2Fcomments&post=1"}],"version-history":[{"count":17,"href":"https:\/\/frohsinn-laichingen.de\/index.php?rest_route=\/wp\/v2\/posts\/1\/revisions"}],"predecessor-version":[{"id":370,"href":"https:\/\/frohsinn-laichingen.de\/index.php?rest_route=\/wp\/v2\/posts\/1\/revisions\/370"}],"wp:attachment":[{"href":"https:\/\/frohsinn-laichingen.de\/index.php?rest_route=%2Fwp%2Fv2%2Fmedia&parent=1"}],"wp:term":[{"taxonomy":"category","embeddable":true,"href":"https:\/\/frohsinn-laichingen.de\/index.php?rest_route=%2Fwp%2Fv2%2Fcategories&post=1"},{"taxonomy":"post_tag","embeddable":true,"href":"https:\/\/frohsinn-laichingen.de\/index.php?rest_route=%2Fwp%2Fv2%2Ftags&post=1"}],"curies":[{"name":"wp","href":"https:\/\/api.w.org\/{rel}","templated":true}]}}